{"id":107,"date":"2016-11-27T16:57:14","date_gmt":"2016-11-27T15:57:14","guid":{"rendered":"http:\/\/alterconsos.fr\/blog\/?p=107"},"modified":"2016-11-27T18:57:33","modified_gmt":"2016-11-27T17:57:33","slug":"assemblee-generale-annuelle-2016","status":"publish","type":"post","link":"http:\/\/alterconsos.fr\/blog\/?p=107","title":{"rendered":"Assembl\u00e9e g\u00e9n\u00e9rale annuelle 2016"},"content":{"rendered":"<p style=\"padding-left: 40px;\"><a href=\"http:\/\/alterconsos.fr\/blog\/wp-content\/uploads\/2015\/03\/15_09_11_livraison_normands.png\"><img loading=\"lazy\" class=\"alignnone size-medium wp-image-64\" src=\"http:\/\/alterconsos.fr\/blog\/wp-content\/uploads\/2015\/03\/15_09_11_livraison_normands-300x187.png\" alt=\"15_09_11_livraison_normands\" width=\"300\" height=\"187\" srcset=\"http:\/\/alterconsos.fr\/blog\/wp-content\/uploads\/2015\/03\/15_09_11_livraison_normands-300x187.png 300w, http:\/\/alterconsos.fr\/blog\/wp-content\/uploads\/2015\/03\/15_09_11_livraison_normands-560x350.png 560w, http:\/\/alterconsos.fr\/blog\/wp-content\/uploads\/2015\/03\/15_09_11_livraison_normands-260x162.png 260w, http:\/\/alterconsos.fr\/blog\/wp-content\/uploads\/2015\/03\/15_09_11_livraison_normands-160x100.png 160w, http:\/\/alterconsos.fr\/blog\/wp-content\/uploads\/2015\/03\/15_09_11_livraison_normands.png 610w\" sizes=\"(max-width: 300px) 100vw, 300px\" \/><\/a><\/p>\n<p style=\"padding-left: 80px;\">L&rsquo;assembl\u00e9e g\u00e9n\u00e9rale annuelle des Alterconsos l&rsquo;Ha\u00ff-Les-roses<\/p>\n<p style=\"padding-left: 80px;\">se tiendra le vendredi 2 d\u00e9cembre 2016<\/p>\n<p style=\"padding-left: 80px;\">au Moulin de la Bi\u00e8vre<\/p>\n<p style=\"padding-left: 80px;\">73, avenue Larroum\u00e8s &#8211; 94240 L&rsquo;Ha\u00ff-Les-Roses<\/p>\n<hr \/>\n<p><strong>\u00e0 20h \u2013 Ap\u00e9ro-dinatoire et convivial <\/strong>(amenez quelques victuailles \u00e0 partager)<\/p>\n<p><strong>et \u00e0 20h30 \u2013<\/strong><strong>\u00a0<\/strong> Michel Besson, administrateur de la coop\u00e9rative <a title=\"Andines\" href=\"http:\/\/www.andines.com\/\"><strong>Andines<\/strong><\/a> sera pr\u00e9sent pour nous parler de cette coop\u00e9rative de commerce \u00e9quitable<br \/>\net pour nous pr\u00e9senter le documentaire <strong>\u00ab\u00a0Rencontres en Bolivie, Vers une \u00e9conomie \u00e9quitable<\/strong><br \/>\nproduit par <strong><a title=\"Minga\" href=\"http:\/\/www.minga.net\/\">Minga<\/a><\/strong>, qui sera suivi d&rsquo;un d\u00e9bat.<\/p>\n","protected":false},"excerpt":{"rendered":"<p>L&rsquo;assembl\u00e9e g\u00e9n\u00e9rale annuelle des Alterconsos l&rsquo;Ha\u00ff-Les-roses se tiendra le vendredi 2 d\u00e9cembre 2016 au Moulin de la Bi\u00e8vre 73, avenue Larroum\u00e8s &#8211; 94240 L&rsquo;Ha\u00ff-Les-Roses \u00e0 20h \u2013 Ap\u00e9ro-dinatoire et convivial (amenez quelques victuailles \u00e0 partager) et \u00e0 20h30 \u2013\u00a0 Michel&hellip;<\/p>\n<p class=\"more-link-p\"><a class=\"more-link\" href=\"http:\/\/alterconsos.fr\/blog\/?p=107\">Read more &rarr;<\/a><\/p>\n","protected":false},"author":4,"featured_media":64,"comment_status":"open","ping_status":"open","sticky":false,"template":"","format":"standard","meta":[],"categories":[7],"tags":[],"_links":{"self":[{"href":"http:\/\/alterconsos.fr\/blog\/index.php?rest_route=\/wp\/v2\/posts\/107"}],"collection":[{"href":"http:\/\/alterconsos.fr\/blog\/index.php?rest_route=\/wp\/v2\/posts"}],"about":[{"href":"http:\/\/alterconsos.fr\/blog\/index.php?rest_route=\/wp\/v2\/types\/post"}],"author":[{"embeddable":true,"href":"http:\/\/alterconsos.fr\/blog\/index.php?rest_route=\/wp\/v2\/users\/4"}],"replies":[{"embeddable":true,"href":"http:\/\/alterconsos.fr\/blog\/index.php?rest_route=%2Fwp%2Fv2%2Fcomments&post=107"}],"version-history":[{"count":9,"href":"http:\/\/alterconsos.fr\/blog\/index.php?rest_route=\/wp\/v2\/posts\/107\/revisions"}],"predecessor-version":[{"id":121,"href":"http:\/\/alterconsos.fr\/blog\/index.php?rest_route=\/wp\/v2\/posts\/107\/revisions\/121"}],"wp:featuredmedia":[{"embeddable":true,"href":"http:\/\/alterconsos.fr\/blog\/index.php?rest_route=\/wp\/v2\/media\/64"}],"wp:attachment":[{"href":"http:\/\/alterconsos.fr\/blog\/index.php?rest_route=%2Fwp%2Fv2%2Fmedia&parent=107"}],"wp:term":[{"taxonomy":"category","embeddable":true,"href":"http:\/\/alterconsos.fr\/blog\/index.php?rest_route=%2Fwp%2Fv2%2Fcategories&post=107"},{"taxonomy":"post_tag","embeddable":true,"href":"http:\/\/alterconsos.fr\/blog\/index.php?rest_route=%2Fwp%2Fv2%2Ftags&post=107"}],"curies":[{"name":"wp","href":"https:\/\/api.w.org\/{rel}","templated":true}]}}